{"id":295,"date":"2021-12-13T18:31:13","date_gmt":"2021-12-13T17:31:13","guid":{"rendered":"https:\/\/wp.feuerwehr-halberbracht.de\/?p=295"},"modified":"2021-12-13T18:34:02","modified_gmt":"2021-12-13T17:34:02","slug":"einen-weihnachtsbaum-fuer-die-loeschgruppe","status":"publish","type":"post","link":"https:\/\/www.feuerwehr-halberbracht.de\/?p=295","title":{"rendered":"Einen Weihnachtsbaum f\u00fcr die L\u00f6schgruppe"},"content":{"rendered":"<p><span style=\"color: #000000;\">Wieder gab es einen sehr sch\u00f6nen Weihnachtsbaum als Spende f\u00fcr die L\u00f6schgruppe Halberbracht.<\/span><\/p>\n<p><span style=\"color: #000000;\">Er macht sich in unserem Ger\u00e4tehaus sehr gut und wir bedanken uns bei Mario Sch\u00f6llmann f\u00fcr das j\u00e4hrliche Prachtst\u00fcck!<\/span><\/p>\n<p><img loading=\"lazy\" decoding=\"async\" class=\"wp-image-296 size-medium alignleft\" src=\"https:\/\/www.feuerwehr-halberbracht.de\/wp-content\/uploads\/2021\/12\/WBaumhell-225x300.jpg\" alt=\"\" width=\"225\" height=\"300\" srcset=\"https:\/\/www.feuerwehr-halberbracht.de\/wp-content\/uploads\/2021\/12\/WBaumhell-225x300.jpg 225w, https:\/\/www.feuerwehr-halberbracht.de\/wp-content\/uploads\/2021\/12\/WBaumhell-768x1024.jpg 768w, https:\/\/www.feuerwehr-halberbracht.de\/wp-content\/uploads\/2021\/12\/WBaumhell-1152x1536.jpg 1152w, https:\/\/www.feuerwehr-halberbracht.de\/wp-content\/uploads\/2021\/12\/WBaumhell.jpg 1500w\" sizes=\"auto, (max-width: 225px) 100vw, 225px\" \/> <img loading=\"lazy\" decoding=\"async\" class=\"alignnone size-medium wp-image-297\" src=\"https:\/\/www.feuerwehr-halberbracht.de\/wp-content\/uploads\/2021\/12\/WBaumblau-225x300.jpg\" alt=\"\" width=\"225\" height=\"300\" srcset=\"https:\/\/www.feuerwehr-halberbracht.de\/wp-content\/uploads\/2021\/12\/WBaumblau-225x300.jpg 225w, https:\/\/www.feuerwehr-halberbracht.de\/wp-content\/uploads\/2021\/12\/WBaumblau-768x1024.jpg 768w, https:\/\/www.feuerwehr-halberbracht.de\/wp-content\/uploads\/2021\/12\/WBaumblau-1152x1536.jpg 1152w, https:\/\/www.feuerwehr-halberbracht.de\/wp-content\/uploads\/2021\/12\/WBaumblau.jpg 1500w\" sizes=\"auto, (max-width: 225px) 100vw, 225px\" \/><img loading=\"lazy\" decoding=\"async\" class=\"wp-image-300 size-medium alignleft\" src=\"https:\/\/www.feuerwehr-halberbracht.de\/wp-content\/uploads\/2021\/12\/WBaum-225x300.jpg\" alt=\"\" width=\"225\" height=\"300\" srcset=\"https:\/\/www.feuerwehr-halberbracht.de\/wp-content\/uploads\/2021\/12\/WBaum-225x300.jpg 225w, https:\/\/www.feuerwehr-halberbracht.de\/wp-content\/uploads\/2021\/12\/WBaum-768x1024.jpg 768w, https:\/\/www.feuerwehr-halberbracht.de\/wp-content\/uploads\/2021\/12\/WBaum-1152x1536.jpg 1152w, https:\/\/www.feuerwehr-halberbracht.de\/wp-content\/uploads\/2021\/12\/WBaum.jpg 1536w\" sizes=\"auto, (max-width: 225px) 100vw, 225px\" \/><\/p>\n\n\n<p><\/p>\n","protected":false},"excerpt":{"rendered":"<p>Wieder gab es einen sehr sch\u00f6nen Weihnachtsbaum als Spende f\u00fcr die L\u00f6schgruppe Halberbracht. Er macht sich in unserem Ger\u00e4tehaus sehr gut und wir bedanken uns bei Mario Sch\u00f6llmann f\u00fcr das [&hellip;]<\/p>\n","protected":false},"author":2,"featured_media":0,"comment_status":"closed","ping_status":"closed","sticky":true,"template":"","format":"standard","meta":{"_acf_changed":false,"_EventAllDay":false,"_EventTimezone":"","_EventStartDate":"","_EventEndDate":"","_EventStartDateUTC":"","_EventEndDateUTC":"","_EventShowMap":false,"_EventShowMapLink":false,"_EventURL":"","_EventCost":"","_EventCostDescription":"","_EventCurrencySymbol":"","_EventCurrencyCode":"","_EventCurrencyPosition":"","_EventDateTimeSeparator":"","_EventTimeRangeSeparator":"","_EventOrganizerID":[],"_EventVenueID":[],"_OrganizerEmail":"","_OrganizerPhone":"","_OrganizerWebsite":"","_VenueAddress":"","_VenueCity":"","_VenueCountry":"","_VenueProvince":"","_VenueState":"","_VenueZip":"","_VenuePhone":"","_VenueURL":"","_VenueStateProvince":"","_VenueLat":"","_VenueLng":"","_VenueShowMap":false,"_VenueShowMapLink":false,"_jetpack_memberships_contains_paid_content":false,"footnotes":""},"categories":[10],"tags":[],"class_list":["post-295","post","type-post","status-publish","format-standard","hentry","category-allgemein"],"acf":[],"jetpack_featured_media_url":"","jetpack_sharing_enabled":true,"_links":{"self":[{"href":"https:\/\/www.feuerwehr-halberbracht.de\/index.php?rest_route=\/wp\/v2\/posts\/295","targetHints":{"allow":["GET"]}}],"collection":[{"href":"https:\/\/www.feuerwehr-halberbracht.de\/index.php?rest_route=\/wp\/v2\/posts"}],"about":[{"href":"https:\/\/www.feuerwehr-halberbracht.de\/index.php?rest_route=\/wp\/v2\/types\/post"}],"author":[{"embeddable":true,"href":"https:\/\/www.feuerwehr-halberbracht.de\/index.php?rest_route=\/wp\/v2\/users\/2"}],"replies":[{"embeddable":true,"href":"https:\/\/www.feuerwehr-halberbracht.de\/index.php?rest_route=%2Fwp%2Fv2%2Fcomments&post=295"}],"version-history":[{"count":5,"href":"https:\/\/www.feuerwehr-halberbracht.de\/index.php?rest_route=\/wp\/v2\/posts\/295\/revisions"}],"predecessor-version":[{"id":304,"href":"https:\/\/www.feuerwehr-halberbracht.de\/index.php?rest_route=\/wp\/v2\/posts\/295\/revisions\/304"}],"wp:attachment":[{"href":"https:\/\/www.feuerwehr-halberbracht.de\/index.php?rest_route=%2Fwp%2Fv2%2Fmedia&parent=295"}],"wp:term":[{"taxonomy":"category","embeddable":true,"href":"https:\/\/www.feuerwehr-halberbracht.de\/index.php?rest_route=%2Fwp%2Fv2%2Fcategories&post=295"},{"taxonomy":"post_tag","embeddable":true,"href":"https:\/\/www.feuerwehr-halberbracht.de\/index.php?rest_route=%2Fwp%2Fv2%2Ftags&post=295"}],"curies":[{"name":"wp","href":"https:\/\/api.w.org\/{rel}","templated":true}]}}